{"id":2611,"date":"2013-11-11T00:26:51","date_gmt":"2013-11-11T00:26:51","guid":{"rendered":"http:\/\/tanz-bruecke.de\/ja\/?p=2611"},"modified":"2013-11-30T23:50:05","modified_gmt":"2013-11-30T23:50:05","slug":"iv-nacht-der-jugend-im-hamburger-rathaus","status":"publish","type":"post","link":"https:\/\/tanz-bruecke.de\/ja\/iv-nacht-der-jugend-im-hamburger-rathaus\/","title":{"rendered":"IV. Nacht der Jugend im Hamburger Rathaus 09.11.13"},"content":{"rendered":"<p><a href=\"https:\/\/tanz-bruecke.de\/ja\/wp-content\/uploads\/2013\/11\/L2-COflDISc.jpg\"><img loading=\"lazy\" decoding=\"async\" class=\"aligncenter size-medium wp-image-2612\" alt=\"L2-COflDISc\" src=\"https:\/\/tanz-bruecke.de\/ja\/wp-content\/uploads\/2013\/11\/L2-COflDISc-300x200.jpg\" width=\"300\" height=\"200\" srcset=\"https:\/\/tanz-bruecke.de\/ja\/wp-content\/uploads\/2013\/11\/L2-COflDISc-300x200.jpg 300w, https:\/\/tanz-bruecke.de\/ja\/wp-content\/uploads\/2013\/11\/L2-COflDISc.jpg 1280w\" sizes=\"auto, (max-width: 300px) 100vw, 300px\" \/><\/a><\/p>\n<p>Text: Tatjana Stark<\/p>\n<p>Foto: Slava Berezovski<\/p>\n<p>Neulich habe ich auf einem Werbeplakat f\u00fcr die Unterst\u00fctzung der Opfer von \u00f6kologischen Katastrophen gelesen: \u201eDie schlimmste Katastrophe \u2013 ist das Vergessen\u201c. Ich denke, das betrifft alle Opfer aller Zeiten \u2013 solange wir sie nicht vergessen \u2013 solange sind sie in unseren Gedanken und Herzen. Den Opfern der Reichkristallnacht von 1938 war im Hamburger Rathaus die \u201eIV. Nacht der Jugend\u201c gewidmet. Diese Veranstaltung fand schon zum 4. Mal auf Initiative der Hamburger B\u00fcrgerschaft statt. Diese Initiative erh\u00e4lt eine gro\u00dfe Unterst\u00fctzung von zahlreichen staatlichen und \u00f6ffentlichen Institutionen und Kulturvereinen aus unserer Stadt. Und wir von \u201eTanzbr\u00fccke Hamburg\u201c mit unserer Hauptbotschaft des Br\u00fcckenbaus zwischen den Kulturen, den Generationen und Zeiten, konnten nat\u00fcrlich nicht unbeteiligt von der Seite zuschauen.<\/p>\n<p>Es ist f\u00fcr uns eine gro\u00dfe Ehre und Verantwortung gewesen, schon zum 4. Mal an dieser Veranstaltung teilzunehmen. Und man kann mit Sicherheit sagen, dieser Verantwortung und Ehre sind die jungen und kleinen Teilnehmer der \u201eTanzbr\u00fccke Hamburg\u201c gewachsen. Ihr Auftritt war professionell, stilvoll, mit viel Herz und Seele. Und das Thema der Darbietung war mit Bedacht gew\u00e4hlt. \u00a0\u201eMein kleiner gr\u00fcner Kaktus\u201c ist der Schlagermusik der 20-30-er Jahre gewidmet, es war die Zeit der Hoffnung in Deutschland und die wurde Tausenden von Menschen in dieser tragischen Nacht, dem 9.November 1938, genommen.<\/p>\n<p>Einige Zeitzeugen von damals waren G\u00e4ste bei der \u201eNacht der Jugend\u201c. Unser Tanz war diesen G\u00e4sten gewidmet und ist f\u00fcr uns eine Hoffnung, dass wir niemals eine Kristallnacht erleben m\u00fcssen.<\/p>\n<p>&nbsp;<\/p>\n","protected":false},"excerpt":{"rendered":"<p>Text: Tatjana Stark Foto: Slava Berezovski Neulich habe ich auf einem Werbeplakat f\u00fcr die Unterst\u00fctzung der Opfer von \u00f6kologischen Katastrophen gelesen: \u201eDie schlimmste Katastrophe \u2013 ist das Vergessen\u201c. Ich denke, das betrifft alle Opfer aller Zeiten \u2013 solange wir sie nicht vergessen \u2013 solange sind sie in unseren Gedanken und Herzen. Den Opfern der Reichkristallnacht [&hellip;]<\/p>\n","protected":false},"author":2,"featured_media":0,"comment_status":"open","ping_status":"open","sticky":false,"template":"","format":"standard","meta":{"footnotes":""},"categories":[1],"tags":[],"class_list":["post-2611","post","type-post","status-publish","format-standard","hentry","category-news","entry"],"_links":{"self":[{"href":"https:\/\/tanz-bruecke.de\/ja\/wp-json\/wp\/v2\/posts\/2611","targetHints":{"allow":["GET"]}}],"collection":[{"href":"https:\/\/tanz-bruecke.de\/ja\/wp-json\/wp\/v2\/posts"}],"about":[{"href":"https:\/\/tanz-bruecke.de\/ja\/wp-json\/wp\/v2\/types\/post"}],"author":[{"embeddable":true,"href":"https:\/\/tanz-bruecke.de\/ja\/wp-json\/wp\/v2\/users\/2"}],"replies":[{"embeddable":true,"href":"https:\/\/tanz-bruecke.de\/ja\/wp-json\/wp\/v2\/comments?post=2611"}],"version-history":[{"count":5,"href":"https:\/\/tanz-bruecke.de\/ja\/wp-json\/wp\/v2\/posts\/2611\/revisions"}],"predecessor-version":[{"id":2618,"href":"https:\/\/tanz-bruecke.de\/ja\/wp-json\/wp\/v2\/posts\/2611\/revisions\/2618"}],"wp:attachment":[{"href":"https:\/\/tanz-bruecke.de\/ja\/wp-json\/wp\/v2\/media?parent=2611"}],"wp:term":[{"taxonomy":"category","embeddable":true,"href":"https:\/\/tanz-bruecke.de\/ja\/wp-json\/wp\/v2\/categories?post=2611"},{"taxonomy":"post_tag","embeddable":true,"href":"https:\/\/tanz-bruecke.de\/ja\/wp-json\/wp\/v2\/tags?post=2611"}],"curies":[{"name":"wp","href":"https:\/\/api.w.org\/{rel}","templated":true}]}}