{"id":2598,"date":"2013-11-03T22:42:07","date_gmt":"2013-11-03T22:42:07","guid":{"rendered":"http:\/\/tanz-bruecke.de\/ja\/?p=2598"},"modified":"2013-11-11T12:47:58","modified_gmt":"2013-11-11T12:47:58","slug":"vom-rag-zum-rap-2-september-2013-theatersaal-war-restlos-ausverkauft","status":"publish","type":"post","link":"https:\/\/tanz-bruecke.de\/ja\/vom-rag-zum-rap-2-september-2013-theatersaal-war-restlos-ausverkauft\/","title":{"rendered":"VOM RAG ZUM RAP: 2. September 2013, Theatersaal war restlos ausverkauft!"},"content":{"rendered":"<p><a href=\"https:\/\/tanz-bruecke.de\/ja\/wp-content\/uploads\/2013\/11\/277-Kopie.jpg\"><img loading=\"lazy\" decoding=\"async\" class=\"aligncenter size-medium wp-image-2547\" alt=\"277 - Kopie\" src=\"https:\/\/tanz-bruecke.de\/ja\/wp-content\/uploads\/2013\/11\/277-Kopie-200x300.jpg\" width=\"200\" height=\"300\" srcset=\"https:\/\/tanz-bruecke.de\/ja\/wp-content\/uploads\/2013\/11\/277-Kopie-200x300.jpg 200w, https:\/\/tanz-bruecke.de\/ja\/wp-content\/uploads\/2013\/11\/277-Kopie.jpg 685w\" sizes=\"auto, (max-width: 200px) 100vw, 200px\" \/><\/a><\/p>\n<p>Der Theatersaal war restlos ausverkauft. Ein Strau\u00df voller T\u00f6ne, Farben und Emotionen, ein Feuerwerk der Energie und des Schaffens hinterlie\u00dfen einen m\u00e4chtigen Eindruck auf das Publikum am 2. September 2013 bei der Vorstellung \u201eVom Rag zum Rap\u201c in Ernst- Deutsch- Theater. 19 Musiker der DownTown Bigband unter der Leitung von Bob Lanese und \u00fcber 50 T\u00e4nzerinnen und T\u00e4nzer der Tanzbr\u00fccke Hamburg unter der Leitung von Natalia Dergatcheva verk\u00f6rperten eine, f\u00fcr viele Besucher, unbekannte Kultur und Musikrichtung &#8211; den Jazz.<\/p>\n<p>Es war ein wundervoller Abend!<\/p>\n<p><span style=\"text-decoration: underline;\">Ein paar Eindr\u00fccke aus dem Publikum:<\/span><\/p>\n<ul>\n<li>Vielen herzlichen Dank f\u00fcr die wunderbare Auff\u00fchrung im Ernst-Deutsch-Theater. Wir sind alle bezaubert von der liebensw\u00fcrdigen Verbundenheit der T\u00e4nzerInnen und Musiker, der K\u00fcnstler und des Publikums und der \u00c4lteren mit den J\u00fcngeren. Sie zeigen sehr pers\u00f6nliche, vom Herzen getragene t\u00e4nzerische, schauspielerische und musikalische Kunst &#8211; und dar\u00fcber hinaus das beeindruckende Zusammenwirken einer vielf\u00e4ltigen, <strong>kreativen Gemeinschaft, die in Hamburg Vorbild sein k\u00f6nnte<\/strong>.<\/li>\n<\/ul>\n<p><i>Evelyne Schnittger, Gemeinn\u00fctzige Gesellschaft f\u00fcr Sch\u00fclerprojekte<\/i><\/p>\n<ul>\n<li>\u2026 es war sooo ein toller Abend \u2013 ich danke Dir und allen Beteiligten sehr, sehr f\u00fcr dieses hervorragende Konzert voller Tanz, Musik und Informationen. Ihr seid einfach KLASSE! Die Moderation war super \u2013 informativ, klar und ruhig gesprochen, selbstverst\u00e4ndlich ohne gro\u00dfes Getue\u2026\u00a0 Ich w\u00fcnsche weiterhin viel Kraft f\u00fcr die <b>Tanzbr\u00fccke<\/b>. Sie <b>ist ein Gewinn f\u00fcr die Hamburger Tanzszene.<\/b><b>\u00a0<\/b><\/li>\n<\/ul>\n<p><i>Heidi Krieger, VHS Dozentin<\/i><\/p>\n<ul>\n<li>\u041c\u044b \u043f\u043e\u043b\u0443\u0447\u0438\u043b\u0438 \u0442\u0430\u043a\u043e\u0435 \u0443\u0434\u043e\u0432\u043e\u043b\u044c\u0441\u0442\u0432\u0438\u0435 \u043e\u0442 \u043f\u0435\u0440\u0432\u043e\u0439 \u043c\u0438\u043d\u0443\u0442\u044b \u0434\u043e \u043f\u043e\u0441\u043b\u0435\u0434\u043d\u0435\u0439! \u0422\u0430\u043a\u0430\u044f \u0437\u0430\u043c\u0435\u0447\u0430\u0442\u0435\u043b\u044c\u043d\u0430\u044f \u043f\u043e\u0442\u0440\u044f\u0441\u0430\u044e\u0449\u0430\u044f \u0438\u0434\u0435\u044f, \u0438 \u043c\u0443\u0437\u044b\u043a\u0430\u043d\u0442\u044b \u0438 \u0434\u0435\u0442\u043a\u0438 \u0441 \u0443\u043b\u044b\u0431\u043a\u0430\u043c\u0438 \u043d\u0430 \u043b\u0438\u0446\u0430\u0445, \u0438 \u0432\u043e\u0441\u0442\u043e\u0440\u0436\u0435\u043d\u043d\u0430\u044f \u043f\u0443\u0431\u043b\u0438\u043a\u0430&#8230; \u041f\u043e\u0437\u0434\u0440\u0430\u0432\u043b\u044f\u044e!<\/li>\n<\/ul>\n<p><i>\u041c\u0430\u0440\u0438\u043d\u0430<\/i><i> <\/i><i>\u0420\u0435\u0448\u0435\u0442\u043e\u0432\u0430<\/i><i>, <\/i><i>\u041c\u0443\u0437\u044b\u043a\u0430\u043d\u0442<\/i><i><\/i><\/p>\n<ul>\n<li>\u2026 Riesenkompliment! Sehr professionell! Eine ganz gro\u00dfartige Inszenierung und ein herrlicher Abend. DANKE! Und so herrlich zu sehen und zu h\u00f6ren, wie es allen Beteiligten so viel Spa\u00df gemacht hat.<\/li>\n<\/ul>\n<p><i>Suzanne<\/i><i> <\/i><i>Plog<\/i><i>&#8211;<\/i><i>Bontemps<\/i><i><\/i><\/p>\n<ul>\n<li>Durch die Zusammenarbeit des amerikanischen Bandleaders und der russischen Choreographin konnte so ein hervorragendes Projekt entstehen. Es zeichnet sich aus durch die gro\u00dfe Fachkompetenz beider und der Liebe zur Musik und der Wille, ihr Publikum mit erstklassigem Entertainment zu unterhalten.<\/li>\n<\/ul>\n<p><i>J\u00fcrgen Lienemann, Schulleiter a. D. Gymnasium Eppendorf<\/i><i><\/i><\/p>\n<p>&nbsp;<\/p>\n","protected":false},"excerpt":{"rendered":"<p>Der Theatersaal war restlos ausverkauft. Ein Strau\u00df voller T\u00f6ne, Farben und Emotionen, ein Feuerwerk der Energie und des Schaffens hinterlie\u00dfen einen m\u00e4chtigen Eindruck auf das Publikum am 2. September 2013 bei der Vorstellung \u201eVom Rag zum Rap\u201c in Ernst- Deutsch- Theater. 19 Musiker der DownTown Bigband unter der Leitung von Bob Lanese und \u00fcber 50 [&hellip;]<\/p>\n","protected":false},"author":2,"featured_media":2547,"comment_status":"open","ping_status":"open","sticky":false,"template":"","format":"standard","meta":{"footnotes":""},"categories":[1],"tags":[],"class_list":["post-2598","post","type-post","status-publish","format-standard","has-post-thumbnail","hentry","category-news","entry"],"_links":{"self":[{"href":"https:\/\/tanz-bruecke.de\/ja\/wp-json\/wp\/v2\/posts\/2598","targetHints":{"allow":["GET"]}}],"collection":[{"href":"https:\/\/tanz-bruecke.de\/ja\/wp-json\/wp\/v2\/posts"}],"about":[{"href":"https:\/\/tanz-bruecke.de\/ja\/wp-json\/wp\/v2\/types\/post"}],"author":[{"embeddable":true,"href":"https:\/\/tanz-bruecke.de\/ja\/wp-json\/wp\/v2\/users\/2"}],"replies":[{"embeddable":true,"href":"https:\/\/tanz-bruecke.de\/ja\/wp-json\/wp\/v2\/comments?post=2598"}],"version-history":[{"count":10,"href":"https:\/\/tanz-bruecke.de\/ja\/wp-json\/wp\/v2\/posts\/2598\/revisions"}],"predecessor-version":[{"id":2623,"href":"https:\/\/tanz-bruecke.de\/ja\/wp-json\/wp\/v2\/posts\/2598\/revisions\/2623"}],"wp:featuredmedia":[{"embeddable":true,"href":"https:\/\/tanz-bruecke.de\/ja\/wp-json\/wp\/v2\/media\/2547"}],"wp:attachment":[{"href":"https:\/\/tanz-bruecke.de\/ja\/wp-json\/wp\/v2\/media?parent=2598"}],"wp:term":[{"taxonomy":"category","embeddable":true,"href":"https:\/\/tanz-bruecke.de\/ja\/wp-json\/wp\/v2\/categories?post=2598"},{"taxonomy":"post_tag","embeddable":true,"href":"https:\/\/tanz-bruecke.de\/ja\/wp-json\/wp\/v2\/tags?post=2598"}],"curies":[{"name":"wp","href":"https:\/\/api.w.org\/{rel}","templated":true}]}}