{"id":2250,"date":"2013-04-16T09:46:10","date_gmt":"2013-04-16T09:46:10","guid":{"rendered":"http:\/\/tanz-bruecke.de\/ja\/?p=2250"},"modified":"2013-08-15T19:23:26","modified_gmt":"2013-08-15T19:23:26","slug":"wanderfotoausstellung-fluss-ufer-10-fotographen-10-fotoreportagen","status":"publish","type":"post","link":"https:\/\/tanz-bruecke.de\/ja\/wanderfotoausstellung-fluss-ufer-10-fotographen-10-fotoreportagen\/","title":{"rendered":"Wanderfotoausstellung \u00abfluss \u2026 UFER\u00bb: 10 Fotographen, 10 Fotoreportagen"},"content":{"rendered":"\n\t\t<style type=\"text\/css\">\n\t\t\t#gallery-1 {\n\t\t\t\tmargin: auto;\n\t\t\t}\n\t\t\t#gallery-1 .gallery-item {\n\t\t\t\tfloat: left;\n\t\t\t\tmargin-top: 10px;\n\t\t\t\ttext-align: center;\n\t\t\t\twidth: 33%;\n\t\t\t}\n\t\t\t#gallery-1 img {\n\t\t\t\tborder: 2px solid #cfcfcf;\n\t\t\t}\n\t\t\t#gallery-1 .gallery-caption {\n\t\t\t\tmargin-left: 0;\n\t\t\t}\n\t\t\t\/* see gallery_shortcode() in wp-includes\/media.php *\/\n\t\t<\/style>\n\t\t<div id='gallery-1' class='gallery galleryid-2250 gallery-columns-3 gallery-size-thumbnail'><dl class='gallery-item'>\n\t\t\t<dt class='gallery-icon landscape'>\n\t\t\t\t<a href='https:\/\/tanz-bruecke.de\/ja\/wp-content\/uploads\/2013\/04\/P1110793.jpg'><img loading=\"lazy\" decoding=\"async\" width=\"150\" height=\"150\" src=\"https:\/\/tanz-bruecke.de\/ja\/wp-content\/uploads\/2013\/04\/P1110793-200x200.jpg\" class=\"attachment-thumbnail size-thumbnail\" alt=\"\" srcset=\"https:\/\/tanz-bruecke.de\/ja\/wp-content\/uploads\/2013\/04\/P1110793-200x200.jpg 200w, https:\/\/tanz-bruecke.de\/ja\/wp-content\/uploads\/2013\/04\/P1110793-120x120.jpg 120w, https:\/\/tanz-bruecke.de\/ja\/wp-content\/uploads\/2013\/04\/P1110793-80x80.jpg 80w\" sizes=\"auto, (max-width: 150px) 100vw, 150px\" \/><\/a>\n\t\t\t<\/dt><\/dl><dl class='gallery-item'>\n\t\t\t<dt class='gallery-icon portrait'>\n\t\t\t\t<a href='https:\/\/tanz-bruecke.de\/ja\/wp-content\/uploads\/2013\/04\/P1110789.jpg'><img loading=\"lazy\" decoding=\"async\" width=\"150\" height=\"150\" src=\"https:\/\/tanz-bruecke.de\/ja\/wp-content\/uploads\/2013\/04\/P1110789-200x200.jpg\" class=\"attachment-thumbnail size-thumbnail\" alt=\"\" srcset=\"https:\/\/tanz-bruecke.de\/ja\/wp-content\/uploads\/2013\/04\/P1110789-200x200.jpg 200w, https:\/\/tanz-bruecke.de\/ja\/wp-content\/uploads\/2013\/04\/P1110789-120x120.jpg 120w, https:\/\/tanz-bruecke.de\/ja\/wp-content\/uploads\/2013\/04\/P1110789-80x80.jpg 80w\" sizes=\"auto, (max-width: 150px) 100vw, 150px\" \/><\/a>\n\t\t\t<\/dt><\/dl><dl class='gallery-item'>\n\t\t\t<dt class='gallery-icon landscape'>\n\t\t\t\t<a href='https:\/\/tanz-bruecke.de\/ja\/wp-content\/uploads\/2013\/04\/P1110783.jpg'><img loading=\"lazy\" decoding=\"async\" width=\"150\" height=\"150\" src=\"https:\/\/tanz-bruecke.de\/ja\/wp-content\/uploads\/2013\/04\/P1110783-200x200.jpg\" class=\"attachment-thumbnail size-thumbnail\" alt=\"\" srcset=\"https:\/\/tanz-bruecke.de\/ja\/wp-content\/uploads\/2013\/04\/P1110783-200x200.jpg 200w, https:\/\/tanz-bruecke.de\/ja\/wp-content\/uploads\/2013\/04\/P1110783-120x120.jpg 120w, https:\/\/tanz-bruecke.de\/ja\/wp-content\/uploads\/2013\/04\/P1110783-80x80.jpg 80w\" sizes=\"auto, (max-width: 150px) 100vw, 150px\" \/><\/a>\n\t\t\t<\/dt><\/dl><br style=\"clear: both\" \/><dl class='gallery-item'>\n\t\t\t<dt class='gallery-icon landscape'>\n\t\t\t\t<a href='https:\/\/tanz-bruecke.de\/ja\/wp-content\/uploads\/2013\/04\/P1110798.jpg'><img loading=\"lazy\" decoding=\"async\" width=\"150\" height=\"150\" src=\"https:\/\/tanz-bruecke.de\/ja\/wp-content\/uploads\/2013\/04\/P1110798-200x200.jpg\" class=\"attachment-thumbnail size-thumbnail\" alt=\"\" srcset=\"https:\/\/tanz-bruecke.de\/ja\/wp-content\/uploads\/2013\/04\/P1110798-200x200.jpg 200w, https:\/\/tanz-bruecke.de\/ja\/wp-content\/uploads\/2013\/04\/P1110798-120x120.jpg 120w, https:\/\/tanz-bruecke.de\/ja\/wp-content\/uploads\/2013\/04\/P1110798-80x80.jpg 80w\" sizes=\"auto, (max-width: 150px) 100vw, 150px\" \/><\/a>\n\t\t\t<\/dt><\/dl><dl class='gallery-item'>\n\t\t\t<dt class='gallery-icon portrait'>\n\t\t\t\t<a href='https:\/\/tanz-bruecke.de\/ja\/wp-content\/uploads\/2013\/04\/P1110824.jpg'><img loading=\"lazy\" decoding=\"async\" width=\"150\" height=\"150\" src=\"https:\/\/tanz-bruecke.de\/ja\/wp-content\/uploads\/2013\/04\/P1110824-200x200.jpg\" class=\"attachment-thumbnail size-thumbnail\" alt=\"\" srcset=\"https:\/\/tanz-bruecke.de\/ja\/wp-content\/uploads\/2013\/04\/P1110824-200x200.jpg 200w, https:\/\/tanz-bruecke.de\/ja\/wp-content\/uploads\/2013\/04\/P1110824-120x120.jpg 120w, https:\/\/tanz-bruecke.de\/ja\/wp-content\/uploads\/2013\/04\/P1110824-80x80.jpg 80w\" sizes=\"auto, (max-width: 150px) 100vw, 150px\" \/><\/a>\n\t\t\t<\/dt><\/dl><dl class='gallery-item'>\n\t\t\t<dt class='gallery-icon portrait'>\n\t\t\t\t<a href='https:\/\/tanz-bruecke.de\/ja\/wp-content\/uploads\/2013\/04\/Frau-Becker.jpg'><img loading=\"lazy\" decoding=\"async\" width=\"150\" height=\"150\" src=\"https:\/\/tanz-bruecke.de\/ja\/wp-content\/uploads\/2013\/04\/Frau-Becker-200x200.jpg\" class=\"attachment-thumbnail size-thumbnail\" alt=\"\" srcset=\"https:\/\/tanz-bruecke.de\/ja\/wp-content\/uploads\/2013\/04\/Frau-Becker-200x200.jpg 200w, https:\/\/tanz-bruecke.de\/ja\/wp-content\/uploads\/2013\/04\/Frau-Becker-120x120.jpg 120w, https:\/\/tanz-bruecke.de\/ja\/wp-content\/uploads\/2013\/04\/Frau-Becker-80x80.jpg 80w\" sizes=\"auto, (max-width: 150px) 100vw, 150px\" \/><\/a>\n\t\t\t<\/dt><\/dl><br style=\"clear: both\" \/><dl class='gallery-item'>\n\t\t\t<dt class='gallery-icon portrait'>\n\t\t\t\t<a href='https:\/\/tanz-bruecke.de\/ja\/wp-content\/uploads\/2013\/04\/Bel-Ami.jpg'><img loading=\"lazy\" decoding=\"async\" width=\"150\" height=\"150\" src=\"https:\/\/tanz-bruecke.de\/ja\/wp-content\/uploads\/2013\/04\/Bel-Ami-200x200.jpg\" class=\"attachment-thumbnail size-thumbnail\" alt=\"\" srcset=\"https:\/\/tanz-bruecke.de\/ja\/wp-content\/uploads\/2013\/04\/Bel-Ami-200x200.jpg 200w, https:\/\/tanz-bruecke.de\/ja\/wp-content\/uploads\/2013\/04\/Bel-Ami-120x120.jpg 120w, https:\/\/tanz-bruecke.de\/ja\/wp-content\/uploads\/2013\/04\/Bel-Ami-80x80.jpg 80w\" sizes=\"auto, (max-width: 150px) 100vw, 150px\" \/><\/a>\n\t\t\t<\/dt><\/dl><dl class='gallery-item'>\n\t\t\t<dt class='gallery-icon landscape'>\n\t\t\t\t<a href='https:\/\/tanz-bruecke.de\/ja\/wp-content\/uploads\/2013\/04\/Essen.jpg'><img loading=\"lazy\" decoding=\"async\" width=\"150\" height=\"150\" src=\"https:\/\/tanz-bruecke.de\/ja\/wp-content\/uploads\/2013\/04\/Essen-200x200.jpg\" class=\"attachment-thumbnail size-thumbnail\" alt=\"\" srcset=\"https:\/\/tanz-bruecke.de\/ja\/wp-content\/uploads\/2013\/04\/Essen-200x200.jpg 200w, https:\/\/tanz-bruecke.de\/ja\/wp-content\/uploads\/2013\/04\/Essen-120x120.jpg 120w, https:\/\/tanz-bruecke.de\/ja\/wp-content\/uploads\/2013\/04\/Essen-80x80.jpg 80w\" sizes=\"auto, (max-width: 150px) 100vw, 150px\" \/><\/a>\n\t\t\t<\/dt><\/dl>\n\t\t\t<br style='clear: both' \/>\n\t\t<\/div>\n\n<p style=\"text-align: justify;\">Wieder einmal hat die Tanzbr\u00fccke Hamburg gute Neuigkeiten mitzuteilen. Es ist angenehm zu sehen, dass der Verein seinem Motto folgt und Br\u00fccken zwischen verschiedenen Kulturen und Generationen schl\u00e4gt. Er verbindet unterschiedliche Ideen und bereichert diese mit seiner Anteilnahme. Dieses Mal hat die Tanzbr\u00fccke Hamburg an dem Fotoprojekt \u00abfluss\u2026UFER\u00bb teilgenommen, welches von der AGIJ (Arbeitsgemeinschaft Internationaler Jugendverb\u00e4nde) ins Leben gerufen und organisiert wurde.\u00a0 Der Grundgedanke des Projektes lag darin, dass 10 junge fotographiebegeisterte Erwachsene mit Migrationshintergrund im Laufe von zwei Jahren an einem Fotoworkshop teilgenommen haben. Die Ergebnisse ihrer Arbeiten wurden am 10. April im Altoner Rathaus\u00a0ausgestellt.<\/p>\n<p style=\"text-align: justify;\">Die Tanzbr\u00fccke ist schon lange Mitglied bei der AGIJ und hat nicht nur einmal mit ihr kooperiert, doch dieses Projekt ist aus mehreren Gr\u00fcnden etwas ganz besonderes. Einer der Gr\u00fcnde ist, dass Elena Dergatcheva, unsere junge Tanzp\u00e4dagogin, an dem Fotoprojekt teilgenommen hat. Elena ist in und mit dem Ensemble zusammen aufgewachsen. In ihren Fotographien stellt sie ihre Leidenschaft, das Tanzen, in Form von jungen T\u00e4nzerinnen des Ensembles dar. Bei der Er\u00f6ffnung der Fotoausstellung begeisterten die jungen T\u00e4nzerinnen nicht nur auf den Fotographien die Zuschauer, sondern mit einer stimmungsvollen und bunten Tanzperformance. Das Publikum nahm die jungen T\u00e4nzerinnen sehr warm auf und beschenkte sie mit einem reichen Applaus. In den Gedanken vermischte sich jedoch die Freude mit Sorge und Kummer im Bezug auf die Zukunft des Ensembles. Es ist n\u00e4mlich au\u00dferordentlich schade, dass diese talentierten P\u00e4dagogen und T\u00e4nzerinnen, welche den Zuschauern viele Emotionen, Freude und W\u00e4rme schenken und nebenbei noch viele Erfolge und Preise bei internationalen Wettbewerben erzielen, nach 16 Jahren immer noch keine Unterst\u00fctzung von der Stadt\u00a0 bekommen.<\/p>\n<p style=\"text-align: justify;\">Doch kehren wir zur\u00fcck zu den positiven Eindr\u00fccken der Fotoausstellung. Die Teilnehmer und Teilnehmerinnen des Projektes haben ihre Wurzeln in L\u00e4ndern wie Mexiko, Deutschland, der T\u00fcrkei, Afghanistan, Thailand, Russland, Spanien, Kamerun und Chile. Die Arbeiten, die sie dem Zuschauer vermitteln, sind alle verschieden- sie dokumentieren, informieren, provozieren, irritieren und nehmen den Betrachter stets zu neuen Ufern mit. Eines haben sie gemeinsam- sie lassen den Zuschauer nachdenken, tr\u00e4umen und mitf\u00fchlen, dies nahmen auch die offiziellen Personen dieses Abends zur Kenntnis, welche die Veranstaltung er\u00f6ffneten. Darunter die Leiterin der Beh\u00f6rde f\u00fcr Familie und Integration Frau Petra Lotzkat, die Referentin \u00abDes Parit\u00e4tischen Hamburg\u00bb Frau Carolin Becker und die zweite Vorsitzende der AGIJ Frau Melani Martines.<\/p>\n<p style=\"text-align: justify;\">Im Foyer des Rathauses erwartete alle Teilnehmer und Besucher ein reich gedeckter Tisch mit vielen leckeren K\u00f6stlichkeiten und Getr\u00e4nken. Die Er\u00f6ffnung der Fotoausstellung \u00abfluss \u2026 UFER\u00bb wird mit ihren bezaubernden Fotoreportagen, den sch\u00f6nen T\u00e4nzen und K\u00f6stlichkeiten noch lange positiv und mit einem L\u00e4cheln im Gesicht in Erinnerung bleiben.<\/p>\n<p style=\"text-align: justify;\">Text: Tatjana Stark<\/p>\n<p style=\"text-align: justify;\">Fotos: Arne List, Natalia Dergatcheva<\/p>\n<p style=\"text-align: justify;\">\u00dcbersetzung ins Deutsche: Elena Dergatcheva, Ivan Berg<\/p>\n","protected":false},"excerpt":{"rendered":"<p>Wieder einmal hat die Tanzbr\u00fccke Hamburg gute Neuigkeiten mitzuteilen. Es ist angenehm zu sehen, dass der Verein seinem Motto folgt und Br\u00fccken zwischen verschiedenen Kulturen und Generationen schl\u00e4gt. Er verbindet unterschiedliche Ideen und bereichert diese mit seiner Anteilnahme. Dieses Mal hat die Tanzbr\u00fccke Hamburg an dem Fotoprojekt \u00abfluss\u2026UFER\u00bb teilgenommen, welches von der AGIJ (Arbeitsgemeinschaft Internationaler [&hellip;]<\/p>\n","protected":false},"author":2,"featured_media":0,"comment_status":"open","ping_status":"open","sticky":false,"template":"","format":"standard","meta":{"footnotes":""},"categories":[1],"tags":[],"class_list":["post-2250","post","type-post","status-publish","format-standard","hentry","category-news","entry"],"_links":{"self":[{"href":"https:\/\/tanz-bruecke.de\/ja\/wp-json\/wp\/v2\/posts\/2250","targetHints":{"allow":["GET"]}}],"collection":[{"href":"https:\/\/tanz-bruecke.de\/ja\/wp-json\/wp\/v2\/posts"}],"about":[{"href":"https:\/\/tanz-bruecke.de\/ja\/wp-json\/wp\/v2\/types\/post"}],"author":[{"embeddable":true,"href":"https:\/\/tanz-bruecke.de\/ja\/wp-json\/wp\/v2\/users\/2"}],"replies":[{"embeddable":true,"href":"https:\/\/tanz-bruecke.de\/ja\/wp-json\/wp\/v2\/comments?post=2250"}],"version-history":[{"count":6,"href":"https:\/\/tanz-bruecke.de\/ja\/wp-json\/wp\/v2\/posts\/2250\/revisions"}],"predecessor-version":[{"id":2464,"href":"https:\/\/tanz-bruecke.de\/ja\/wp-json\/wp\/v2\/posts\/2250\/revisions\/2464"}],"wp:attachment":[{"href":"https:\/\/tanz-bruecke.de\/ja\/wp-json\/wp\/v2\/media?parent=2250"}],"wp:term":[{"taxonomy":"category","embeddable":true,"href":"https:\/\/tanz-bruecke.de\/ja\/wp-json\/wp\/v2\/categories?post=2250"},{"taxonomy":"post_tag","embeddable":true,"href":"https:\/\/tanz-bruecke.de\/ja\/wp-json\/wp\/v2\/tags?post=2250"}],"curies":[{"name":"wp","href":"https:\/\/api.w.org\/{rel}","templated":true}]}}