{"id":1955,"date":"2012-12-25T13:50:38","date_gmt":"2012-12-25T13:50:38","guid":{"rendered":"http:\/\/tanz-bruecke.de\/ja\/?p=1955"},"modified":"2012-12-25T13:50:38","modified_gmt":"2012-12-25T13:50:38","slug":"unterricht-nach-den-weihnachtsferien-startet-am-montag-den-07-01-13","status":"publish","type":"post","link":"https:\/\/tanz-bruecke.de\/ja\/unterricht-nach-den-weihnachtsferien-startet-am-montag-den-07-01-13\/","title":{"rendered":"Unterricht nach den Weihnachtsferien startet am Montag, den 07.01.13"},"content":{"rendered":"<p><a href=\"https:\/\/tanz-bruecke.de\/ja\/unterricht-nach-den-weihnachtsferien-startet-am-montag-den-07-01-13\/30_april_06-023-kopie\/\" rel=\"attachment wp-att-1956\"><img loading=\"lazy\" decoding=\"async\" class=\"aligncenter size-medium wp-image-1956\" title=\"Schneemann\" src=\"https:\/\/tanz-bruecke.de\/ja\/wp-content\/uploads\/2012\/12\/30_April_06-023-Kopie-237x300.jpg\" alt=\"\" width=\"237\" height=\"300\" \/><\/a><\/p>\n<p><em><span style=\"color: #0000ff;\">Liebe Mitglieder der Tanzbr\u00fccke Hamburg,<\/span><\/em><\/p>\n<p><em><span style=\"color: #0000ff;\">nach den Weihnachtsferien starten wir den Unterricht am Montag, den 07.01.13. Bis dahin w\u00fcnschen wir Euch eine sch\u00f6ne Ferienzeit.<\/span><\/em><\/p>\n<p><em><span style=\"color: #0000ff;\">Herzliche Gr\u00fc\u00dfe,<\/span><\/em><\/p>\n<p><em><span style=\"color: #0000ff;\">Vorstand<\/span><\/em><\/p>\n","protected":false},"excerpt":{"rendered":"<p>Liebe Mitglieder der Tanzbr\u00fccke Hamburg, nach den Weihnachtsferien starten wir den Unterricht am Montag, den 07.01.13. Bis dahin w\u00fcnschen wir Euch eine sch\u00f6ne Ferienzeit. Herzliche Gr\u00fc\u00dfe, Vorstand<\/p>\n","protected":false},"author":2,"featured_media":0,"comment_status":"open","ping_status":"open","sticky":false,"template":"","format":"standard","meta":{"footnotes":""},"categories":[1],"tags":[],"class_list":["post-1955","post","type-post","status-publish","format-standard","hentry","category-news","entry"],"_links":{"self":[{"href":"https:\/\/tanz-bruecke.de\/ja\/wp-json\/wp\/v2\/posts\/1955","targetHints":{"allow":["GET"]}}],"collection":[{"href":"https:\/\/tanz-bruecke.de\/ja\/wp-json\/wp\/v2\/posts"}],"about":[{"href":"https:\/\/tanz-bruecke.de\/ja\/wp-json\/wp\/v2\/types\/post"}],"author":[{"embeddable":true,"href":"https:\/\/tanz-bruecke.de\/ja\/wp-json\/wp\/v2\/users\/2"}],"replies":[{"embeddable":true,"href":"https:\/\/tanz-bruecke.de\/ja\/wp-json\/wp\/v2\/comments?post=1955"}],"version-history":[{"count":2,"href":"https:\/\/tanz-bruecke.de\/ja\/wp-json\/wp\/v2\/posts\/1955\/revisions"}],"predecessor-version":[{"id":1958,"href":"https:\/\/tanz-bruecke.de\/ja\/wp-json\/wp\/v2\/posts\/1955\/revisions\/1958"}],"wp:attachment":[{"href":"https:\/\/tanz-bruecke.de\/ja\/wp-json\/wp\/v2\/media?parent=1955"}],"wp:term":[{"taxonomy":"category","embeddable":true,"href":"https:\/\/tanz-bruecke.de\/ja\/wp-json\/wp\/v2\/categories?post=1955"},{"taxonomy":"post_tag","embeddable":true,"href":"https:\/\/tanz-bruecke.de\/ja\/wp-json\/wp\/v2\/tags?post=1955"}],"curies":[{"name":"wp","href":"https:\/\/api.w.org\/{rel}","templated":true}]}}