{"id":14078,"date":"2026-04-29T11:54:13","date_gmt":"2026-04-29T11:54:13","guid":{"rendered":"https:\/\/tanz-bruecke.de\/ja\/?p=14078"},"modified":"2026-04-29T11:56:47","modified_gmt":"2026-04-29T11:56:47","slug":"tanzbruecke-hamburg-wuenscht-allen-einen-tollen-internationalen-tag-des-tanzes","status":"publish","type":"post","link":"https:\/\/tanz-bruecke.de\/ja\/tanzbruecke-hamburg-wuenscht-allen-einen-tollen-internationalen-tag-des-tanzes\/","title":{"rendered":"Tanzbr\u00fccke Hamburg w\u00fcnscht allen einen tollen Internationalen Tag des Tanzes"},"content":{"rendered":"\n<p>29.04.2026<\/p>\n\n\n\n<p><strong><em>Zum Welttag des Tanzes, dem International Dance Day, richten wir heute unseren Blick auf das, was Tanz im Innersten ausmacht: eine universelle Sprache, die Menschen verbindet, Grenzen \u00fcberwindet und Ausdruck dort schafft, wo Worte enden.<\/em><\/strong><\/p>\n\n\n\n<figure class=\"wp-block-gallery has-nested-images columns-default is-cropped wp-block-gallery-1 is-layout-flex wp-block-gallery-is-layout-flex\">\n<figure class=\"wp-block-image size-large\"><img loading=\"lazy\" decoding=\"async\" width=\"813\" height=\"1024\" data-id=\"13479\" src=\"https:\/\/tanz-bruecke.de\/ja\/wp-content\/uploads\/2025\/08\/665_TB_DSC_9033-813x1024.jpg\" alt=\"\" class=\"wp-image-13479\" srcset=\"https:\/\/tanz-bruecke.de\/ja\/wp-content\/uploads\/2025\/08\/665_TB_DSC_9033-813x1024.jpg 813w, https:\/\/tanz-bruecke.de\/ja\/wp-content\/uploads\/2025\/08\/665_TB_DSC_9033-238x300.jpg 238w, https:\/\/tanz-bruecke.de\/ja\/wp-content\/uploads\/2025\/08\/665_TB_DSC_9033-768x967.jpg 768w, https:\/\/tanz-bruecke.de\/ja\/wp-content\/uploads\/2025\/08\/665_TB_DSC_9033-1220x1536.jpg 1220w, https:\/\/tanz-bruecke.de\/ja\/wp-content\/uploads\/2025\/08\/665_TB_DSC_9033.jpg 1341w\" sizes=\"auto, (max-width: 813px) 100vw, 813px\" \/><\/figure>\n\n\n\n<figure class=\"wp-block-image size-large\"><img loading=\"lazy\" decoding=\"async\" width=\"750\" height=\"1000\" data-id=\"13481\" src=\"https:\/\/tanz-bruecke.de\/ja\/wp-content\/uploads\/2025\/08\/20250510_171930.jpg\" alt=\"\" class=\"wp-image-13481\" srcset=\"https:\/\/tanz-bruecke.de\/ja\/wp-content\/uploads\/2025\/08\/20250510_171930.jpg 750w, https:\/\/tanz-bruecke.de\/ja\/wp-content\/uploads\/2025\/08\/20250510_171930-225x300.jpg 225w, https:\/\/tanz-bruecke.de\/ja\/wp-content\/uploads\/2025\/08\/20250510_171930-150x200.jpg 150w\" sizes=\"auto, (max-width: 750px) 100vw, 750px\" \/><\/figure>\n\n\n\n<figure class=\"wp-block-image size-large\"><img loading=\"lazy\" decoding=\"async\" width=\"1024\" height=\"682\" data-id=\"13312\" src=\"https:\/\/tanz-bruecke.de\/ja\/wp-content\/uploads\/2025\/06\/Peace-in-10000-Hands_850_5471-1024x682.jpg\" alt=\"\" class=\"wp-image-13312\" srcset=\"https:\/\/tanz-bruecke.de\/ja\/wp-content\/uploads\/2025\/06\/Peace-in-10000-Hands_850_5471-1024x682.jpg 1024w, https:\/\/tanz-bruecke.de\/ja\/wp-content\/uploads\/2025\/06\/Peace-in-10000-Hands_850_5471-300x200.jpg 300w, https:\/\/tanz-bruecke.de\/ja\/wp-content\/uploads\/2025\/06\/Peace-in-10000-Hands_850_5471-768x512.jpg 768w, https:\/\/tanz-bruecke.de\/ja\/wp-content\/uploads\/2025\/06\/Peace-in-10000-Hands_850_5471.jpg 1421w\" sizes=\"auto, (max-width: 1024px) 100vw, 1024px\" \/><\/figure>\n<\/figure>\n\n\n\n<p>Tanz ist Begegnung \u00fcber Kulturen, Generationen und Lebenswege hinweg. Er schafft Gemeinschaft im Unterschied und Einheit in der Vielfalt. Genau diese Idee steht weltweit im Mittelpunkt dieses Tages und pr\u00e4gt auch unsere Arbeit in der Tanzbr\u00fccke Hamburg seit nunmehr 29 Jahren.<\/p>\n\n\n\n<p>Dieser Tag ist f\u00fcr uns vor allem Anlass, Natalia Dergatcheva von Herzen zu gratulieren und zu danken. Mit Ihrem au\u00dfergew\u00f6hnlichen Engagement, k\u00fcnstlerischer Vision und unerm\u00fcdlicher Hingabe haben Sie \u00fcber viele Jahre hinweg Generationen von T\u00e4nzerinnen und T\u00e4nzern gepr\u00e4gt. Liebe Natalia, wir w\u00fcrdigen heute Ihr Lebenswerk: Sie haben in der Tanzbr\u00fccke Hamburg einen Ort geschaffen, an dem Kinder und Jugendliche ihre eigene Ausdruckssprache im Tanz entwickeln.<\/p>\n\n\n\n<p>Ebenso danken wir allen Tanzp\u00e4dagoginnen und -p\u00e4dagogen, die diesen Weg begleiten und begleitet haben. Sie \u00f6ffnen R\u00e4ume, in denen Bewegung Bedeutung bekommt und aus Technik echte k\u00fcnstlerische Stimme wird.<\/p>\n\n\n\n<figure class=\"wp-block-gallery has-nested-images columns-default is-cropped wp-block-gallery-2 is-layout-flex wp-block-gallery-is-layout-flex\">\n<figure class=\"wp-block-image size-large\"><img loading=\"lazy\" decoding=\"async\" width=\"830\" height=\"1024\" data-id=\"12497\" src=\"https:\/\/tanz-bruecke.de\/ja\/wp-content\/uploads\/2023\/12\/DSC_9255-830x1024.jpg\" alt=\"\" class=\"wp-image-12497\" srcset=\"https:\/\/tanz-bruecke.de\/ja\/wp-content\/uploads\/2023\/12\/DSC_9255-830x1024.jpg 830w, https:\/\/tanz-bruecke.de\/ja\/wp-content\/uploads\/2023\/12\/DSC_9255-243x300.jpg 243w, https:\/\/tanz-bruecke.de\/ja\/wp-content\/uploads\/2023\/12\/DSC_9255-768x947.jpg 768w, https:\/\/tanz-bruecke.de\/ja\/wp-content\/uploads\/2023\/12\/DSC_9255.jpg 1260w\" sizes=\"auto, (max-width: 830px) 100vw, 830px\" \/><\/figure>\n\n\n\n<figure class=\"wp-block-image size-large\"><img loading=\"lazy\" decoding=\"async\" width=\"811\" height=\"599\" data-id=\"12487\" src=\"https:\/\/tanz-bruecke.de\/ja\/wp-content\/uploads\/2023\/12\/DSC_4763.jpg\" alt=\"\" class=\"wp-image-12487\" srcset=\"https:\/\/tanz-bruecke.de\/ja\/wp-content\/uploads\/2023\/12\/DSC_4763.jpg 811w, https:\/\/tanz-bruecke.de\/ja\/wp-content\/uploads\/2023\/12\/DSC_4763-300x222.jpg 300w, https:\/\/tanz-bruecke.de\/ja\/wp-content\/uploads\/2023\/12\/DSC_4763-768x567.jpg 768w\" sizes=\"auto, (max-width: 811px) 100vw, 811px\" \/><\/figure>\n\n\n\n<figure class=\"wp-block-image size-large\"><img loading=\"lazy\" decoding=\"async\" width=\"672\" height=\"1024\" data-id=\"12491\" src=\"https:\/\/tanz-bruecke.de\/ja\/wp-content\/uploads\/2023\/12\/DSC_5481-672x1024.jpg\" alt=\"\" class=\"wp-image-12491\" srcset=\"https:\/\/tanz-bruecke.de\/ja\/wp-content\/uploads\/2023\/12\/DSC_5481-672x1024.jpg 672w, https:\/\/tanz-bruecke.de\/ja\/wp-content\/uploads\/2023\/12\/DSC_5481-197x300.jpg 197w, https:\/\/tanz-bruecke.de\/ja\/wp-content\/uploads\/2023\/12\/DSC_5481-768x1171.jpg 768w, https:\/\/tanz-bruecke.de\/ja\/wp-content\/uploads\/2023\/12\/DSC_5481.jpg 1148w\" sizes=\"auto, (max-width: 672px) 100vw, 672px\" \/><\/figure>\n<\/figure>\n\n\n\n<p>Wir feiern heute euch, liebe T\u00e4nzerinnen und T\u00e4nzer. Ihr seid es, die diesen Gedanken lebendig halten. In jedem Training, auf jeder B\u00fchne und in jedem Moment des gemeinsamen Tanzes zeigt ihr, was diese Kunstform im Kern ist: Verbindung, Ausdruck und Menschlichkeit in Bewegung.<\/p>\n\n\n\n<p>Heute feiern wir nicht nur den Tanz, sondern das, was er zwischen uns entstehen l\u00e4sst.<\/p>\n\n\n\n<p>Wir sind dankbar, diesen Weg gemeinsam mit euch zu gehen.<\/p>\n\n\n\n<p><strong><em>Alles Gute zum Welttag des Tanzes!<\/em><\/strong><\/p>\n\n\n\n<figure class=\"wp-block-gallery has-nested-images columns-default is-cropped wp-block-gallery-3 is-layout-flex wp-block-gallery-is-layout-flex\">\n<figure class=\"wp-block-image size-large\"><img loading=\"lazy\" decoding=\"async\" width=\"1024\" height=\"683\" data-id=\"11512\" src=\"https:\/\/tanz-bruecke.de\/ja\/wp-content\/uploads\/2021\/06\/CHINA-1024x683.jpg\" alt=\"\" class=\"wp-image-11512\" srcset=\"https:\/\/tanz-bruecke.de\/ja\/wp-content\/uploads\/2021\/06\/CHINA-1024x683.jpg 1024w, https:\/\/tanz-bruecke.de\/ja\/wp-content\/uploads\/2021\/06\/CHINA-300x200.jpg 300w, https:\/\/tanz-bruecke.de\/ja\/wp-content\/uploads\/2021\/06\/CHINA-768x512.jpg 768w, https:\/\/tanz-bruecke.de\/ja\/wp-content\/uploads\/2021\/06\/CHINA.jpg 1341w\" sizes=\"auto, (max-width: 1024px) 100vw, 1024px\" \/><\/figure>\n\n\n\n<figure class=\"wp-block-image size-large\"><img loading=\"lazy\" decoding=\"async\" width=\"800\" height=\"533\" data-id=\"9578\" src=\"https:\/\/tanz-bruecke.de\/ja\/wp-content\/uploads\/2019\/07\/IMG-20170705-WA0015.jpg\" alt=\"\" class=\"wp-image-9578\" srcset=\"https:\/\/tanz-bruecke.de\/ja\/wp-content\/uploads\/2019\/07\/IMG-20170705-WA0015.jpg 800w, https:\/\/tanz-bruecke.de\/ja\/wp-content\/uploads\/2019\/07\/IMG-20170705-WA0015-300x200.jpg 300w, https:\/\/tanz-bruecke.de\/ja\/wp-content\/uploads\/2019\/07\/IMG-20170705-WA0015-768x512.jpg 768w\" sizes=\"auto, (max-width: 800px) 100vw, 800px\" \/><\/figure>\n\n\n\n<figure class=\"wp-block-image size-large\"><img loading=\"lazy\" decoding=\"async\" width=\"600\" height=\"900\" data-id=\"11183\" src=\"https:\/\/tanz-bruecke.de\/ja\/wp-content\/uploads\/2020\/10\/200913_170336.jpg\" alt=\"\" class=\"wp-image-11183\" srcset=\"https:\/\/tanz-bruecke.de\/ja\/wp-content\/uploads\/2020\/10\/200913_170336.jpg 600w, https:\/\/tanz-bruecke.de\/ja\/wp-content\/uploads\/2020\/10\/200913_170336-200x300.jpg 200w\" sizes=\"auto, (max-width: 600px) 100vw, 600px\" \/><\/figure>\n<\/figure>\n\n\n\n<p><\/p>\n","protected":false},"excerpt":{"rendered":"<p>29.04.2026 Zum Welttag des Tanzes, dem International Dance Day, richten wir heute unseren Blick auf das, was Tanz im Innersten ausmacht: eine universelle Sprache, die Menschen verbindet, Grenzen \u00fcberwindet und Ausdruck dort schafft, wo Worte enden. Tanz ist Begegnung \u00fcber Kulturen, Generationen und Lebenswege hinweg. Er schafft Gemeinschaft im Unterschied und Einheit in der Vielfalt. [&hellip;]<\/p>\n","protected":false},"author":2,"featured_media":13944,"comment_status":"open","ping_status":"open","sticky":false,"template":"","format":"standard","meta":{"footnotes":""},"categories":[67],"tags":[],"class_list":["post-14078","post","type-post","status-publish","format-standard","has-post-thumbnail","hentry","category-aktuell","entry"],"_links":{"self":[{"href":"https:\/\/tanz-bruecke.de\/ja\/wp-json\/wp\/v2\/posts\/14078","targetHints":{"allow":["GET"]}}],"collection":[{"href":"https:\/\/tanz-bruecke.de\/ja\/wp-json\/wp\/v2\/posts"}],"about":[{"href":"https:\/\/tanz-bruecke.de\/ja\/wp-json\/wp\/v2\/types\/post"}],"author":[{"embeddable":true,"href":"https:\/\/tanz-bruecke.de\/ja\/wp-json\/wp\/v2\/users\/2"}],"replies":[{"embeddable":true,"href":"https:\/\/tanz-bruecke.de\/ja\/wp-json\/wp\/v2\/comments?post=14078"}],"version-history":[{"count":1,"href":"https:\/\/tanz-bruecke.de\/ja\/wp-json\/wp\/v2\/posts\/14078\/revisions"}],"predecessor-version":[{"id":14079,"href":"https:\/\/tanz-bruecke.de\/ja\/wp-json\/wp\/v2\/posts\/14078\/revisions\/14079"}],"wp:featuredmedia":[{"embeddable":true,"href":"https:\/\/tanz-bruecke.de\/ja\/wp-json\/wp\/v2\/media\/13944"}],"wp:attachment":[{"href":"https:\/\/tanz-bruecke.de\/ja\/wp-json\/wp\/v2\/media?parent=14078"}],"wp:term":[{"taxonomy":"category","embeddable":true,"href":"https:\/\/tanz-bruecke.de\/ja\/wp-json\/wp\/v2\/categories?post=14078"},{"taxonomy":"post_tag","embeddable":true,"href":"https:\/\/tanz-bruecke.de\/ja\/wp-json\/wp\/v2\/tags?post=14078"}],"curies":[{"name":"wp","href":"https:\/\/api.w.org\/{rel}","templated":true}]}}