{"id":14008,"date":"2026-03-14T22:38:04","date_gmt":"2026-03-14T22:38:04","guid":{"rendered":"https:\/\/tanz-bruecke.de\/ja\/?p=14008"},"modified":"2026-03-31T21:15:38","modified_gmt":"2026-03-31T21:15:38","slug":"unvergessliche-maetzferien-2026","status":"publish","type":"post","link":"https:\/\/tanz-bruecke.de\/ja\/unvergessliche-maetzferien-2026\/","title":{"rendered":"UNVERGESSLICHE M\u00c4RZFERIEN 2026"},"content":{"rendered":"\n<p>Dank der gro\u00dfz\u00fcgigen F\u00f6rderung des Sammelfonds f\u00fcr Bu\u00dfgelder konnten Kinder in den M\u00e4rzferien eine lebendige und abwechslungsreiche kultursportliche Woche im Verein Tanzbr\u00fccke Hamburg erleben.<\/p>\n\n\n\n<figure class=\"wp-block-gallery has-nested-images columns-default is-cropped wp-block-gallery-1 is-layout-flex wp-block-gallery-is-layout-flex\">\n<figure class=\"wp-block-image size-large\"><img loading=\"lazy\" decoding=\"async\" width=\"768\" height=\"1024\" data-id=\"14014\" src=\"https:\/\/tanz-bruecke.de\/ja\/wp-content\/uploads\/2026\/03\/IMG-20260312-WA0531-768x1024.jpg\" alt=\"\" class=\"wp-image-14014\" srcset=\"https:\/\/tanz-bruecke.de\/ja\/wp-content\/uploads\/2026\/03\/IMG-20260312-WA0531-768x1024.jpg 768w, https:\/\/tanz-bruecke.de\/ja\/wp-content\/uploads\/2026\/03\/IMG-20260312-WA0531-225x300.jpg 225w, https:\/\/tanz-bruecke.de\/ja\/wp-content\/uploads\/2026\/03\/IMG-20260312-WA0531-150x200.jpg 150w, https:\/\/tanz-bruecke.de\/ja\/wp-content\/uploads\/2026\/03\/IMG-20260312-WA0531-1152x1536.jpg 1152w, https:\/\/tanz-bruecke.de\/ja\/wp-content\/uploads\/2026\/03\/IMG-20260312-WA0531.jpg 1200w\" sizes=\"auto, (max-width: 768px) 100vw, 768px\" \/><\/figure>\n\n\n\n<figure class=\"wp-block-image size-large\"><img loading=\"lazy\" decoding=\"async\" width=\"1024\" height=\"768\" data-id=\"14011\" src=\"https:\/\/tanz-bruecke.de\/ja\/wp-content\/uploads\/2026\/03\/IMG-20260312-WA0063-1024x768.jpg\" alt=\"\" class=\"wp-image-14011\" srcset=\"https:\/\/tanz-bruecke.de\/ja\/wp-content\/uploads\/2026\/03\/IMG-20260312-WA0063-1024x768.jpg 1024w, https:\/\/tanz-bruecke.de\/ja\/wp-content\/uploads\/2026\/03\/IMG-20260312-WA0063-300x225.jpg 300w, https:\/\/tanz-bruecke.de\/ja\/wp-content\/uploads\/2026\/03\/IMG-20260312-WA0063-768x576.jpg 768w, https:\/\/tanz-bruecke.de\/ja\/wp-content\/uploads\/2026\/03\/IMG-20260312-WA0063-1536x1152.jpg 1536w, https:\/\/tanz-bruecke.de\/ja\/wp-content\/uploads\/2026\/03\/IMG-20260312-WA0063.jpg 1600w\" sizes=\"auto, (max-width: 1024px) 100vw, 1024px\" \/><\/figure>\n\n\n\n<figure class=\"wp-block-image size-large\"><img loading=\"lazy\" decoding=\"async\" width=\"768\" height=\"1024\" data-id=\"14024\" src=\"https:\/\/tanz-bruecke.de\/ja\/wp-content\/uploads\/2026\/03\/IMG-20260312-WA0763-768x1024.jpg\" alt=\"\" class=\"wp-image-14024\" srcset=\"https:\/\/tanz-bruecke.de\/ja\/wp-content\/uploads\/2026\/03\/IMG-20260312-WA0763-768x1024.jpg 768w, https:\/\/tanz-bruecke.de\/ja\/wp-content\/uploads\/2026\/03\/IMG-20260312-WA0763-225x300.jpg 225w, https:\/\/tanz-bruecke.de\/ja\/wp-content\/uploads\/2026\/03\/IMG-20260312-WA0763-150x200.jpg 150w, https:\/\/tanz-bruecke.de\/ja\/wp-content\/uploads\/2026\/03\/IMG-20260312-WA0763-1152x1536.jpg 1152w, https:\/\/tanz-bruecke.de\/ja\/wp-content\/uploads\/2026\/03\/IMG-20260312-WA0763.jpg 1512w\" sizes=\"auto, (max-width: 768px) 100vw, 768px\" \/><\/figure>\n<\/figure>\n\n\n\n<p>Die Ferienwoche war prall gef\u00fcllt mit Bewegung, Kreativit\u00e4t und Entdeckung. Die Kinder \u00fcbernachteten einmal gemeinsam und stellten dabei \u00fcberrascht fest, dass die Airtrack-Matten nicht nur zum Turnen und Springen ideal sind, sondern sich auch hervorragend als improvisierte Schlafpl\u00e4tze eignen! Neben der \u00dcbernachtung kochten und a\u00dfen die Kinder gemeinsam, erkundeten die Stadt Hamburg und besuchten spannende Museen, wie das Chocoversum und das Museum der Arbeit.<\/p>\n\n\n\n<figure class=\"wp-block-gallery has-nested-images columns-default is-cropped wp-block-gallery-2 is-layout-flex wp-block-gallery-is-layout-flex\">\n<figure class=\"wp-block-image size-large\"><img loading=\"lazy\" decoding=\"async\" width=\"768\" height=\"1024\" data-id=\"14010\" src=\"https:\/\/tanz-bruecke.de\/ja\/wp-content\/uploads\/2026\/03\/IMG-20260310-WA0013-768x1024.jpg\" alt=\"\" class=\"wp-image-14010\" srcset=\"https:\/\/tanz-bruecke.de\/ja\/wp-content\/uploads\/2026\/03\/IMG-20260310-WA0013-768x1024.jpg 768w, https:\/\/tanz-bruecke.de\/ja\/wp-content\/uploads\/2026\/03\/IMG-20260310-WA0013-225x300.jpg 225w, https:\/\/tanz-bruecke.de\/ja\/wp-content\/uploads\/2026\/03\/IMG-20260310-WA0013-150x200.jpg 150w, https:\/\/tanz-bruecke.de\/ja\/wp-content\/uploads\/2026\/03\/IMG-20260310-WA0013-1152x1536.jpg 1152w, https:\/\/tanz-bruecke.de\/ja\/wp-content\/uploads\/2026\/03\/IMG-20260310-WA0013.jpg 1536w\" sizes=\"auto, (max-width: 768px) 100vw, 768px\" \/><\/figure>\n\n\n\n<figure class=\"wp-block-image size-large\"><img loading=\"lazy\" decoding=\"async\" width=\"1024\" height=\"768\" data-id=\"14022\" src=\"https:\/\/tanz-bruecke.de\/ja\/wp-content\/uploads\/2026\/03\/IMG-20260312-WA0695-1024x768.jpg\" alt=\"\" class=\"wp-image-14022\" srcset=\"https:\/\/tanz-bruecke.de\/ja\/wp-content\/uploads\/2026\/03\/IMG-20260312-WA0695-1024x768.jpg 1024w, https:\/\/tanz-bruecke.de\/ja\/wp-content\/uploads\/2026\/03\/IMG-20260312-WA0695-300x225.jpg 300w, https:\/\/tanz-bruecke.de\/ja\/wp-content\/uploads\/2026\/03\/IMG-20260312-WA0695-768x576.jpg 768w, https:\/\/tanz-bruecke.de\/ja\/wp-content\/uploads\/2026\/03\/IMG-20260312-WA0695-1536x1152.jpg 1536w, https:\/\/tanz-bruecke.de\/ja\/wp-content\/uploads\/2026\/03\/IMG-20260312-WA0695.jpg 2016w\" sizes=\"auto, (max-width: 1024px) 100vw, 1024px\" \/><\/figure>\n<\/figure>\n\n\n\n<p>Sportlich ging es jeden Tag hoch her. Von Selbstverteidigung \u00fcber Akrobatik und Tanz-Masterclasses bis hin zu Turn\u00fcbungen auf den Matten war f\u00fcr jeden Geschmack etwas dabei. Die Woche bot den Kindern nicht nur intensive Bewegung und kreative Entfaltung, sondern auch die M\u00f6glichkeit, Selbstvertrauen, Teamgeist und neue Freundschaften zu st\u00e4rken.<\/p>\n\n\n\n<figure class=\"wp-block-gallery has-nested-images columns-default is-cropped wp-block-gallery-3 is-layout-flex wp-block-gallery-is-layout-flex\">\n<figure class=\"wp-block-image size-large\"><img loading=\"lazy\" decoding=\"async\" width=\"768\" height=\"1024\" data-id=\"14023\" src=\"https:\/\/tanz-bruecke.de\/ja\/wp-content\/uploads\/2026\/03\/IMG-20260314-WA0069-768x1024.jpg\" alt=\"\" class=\"wp-image-14023\" srcset=\"https:\/\/tanz-bruecke.de\/ja\/wp-content\/uploads\/2026\/03\/IMG-20260314-WA0069-768x1024.jpg 768w, https:\/\/tanz-bruecke.de\/ja\/wp-content\/uploads\/2026\/03\/IMG-20260314-WA0069-225x300.jpg 225w, https:\/\/tanz-bruecke.de\/ja\/wp-content\/uploads\/2026\/03\/IMG-20260314-WA0069-150x200.jpg 150w, https:\/\/tanz-bruecke.de\/ja\/wp-content\/uploads\/2026\/03\/IMG-20260314-WA0069-1152x1536.jpg 1152w, https:\/\/tanz-bruecke.de\/ja\/wp-content\/uploads\/2026\/03\/IMG-20260314-WA0069.jpg 1536w\" sizes=\"auto, (max-width: 768px) 100vw, 768px\" \/><\/figure>\n\n\n\n<figure class=\"wp-block-image size-large\"><img loading=\"lazy\" decoding=\"async\" width=\"768\" height=\"1024\" data-id=\"14016\" src=\"https:\/\/tanz-bruecke.de\/ja\/wp-content\/uploads\/2026\/03\/IMG-20260312-WA0552-768x1024.jpg\" alt=\"\" class=\"wp-image-14016\" srcset=\"https:\/\/tanz-bruecke.de\/ja\/wp-content\/uploads\/2026\/03\/IMG-20260312-WA0552-768x1024.jpg 768w, https:\/\/tanz-bruecke.de\/ja\/wp-content\/uploads\/2026\/03\/IMG-20260312-WA0552-225x300.jpg 225w, https:\/\/tanz-bruecke.de\/ja\/wp-content\/uploads\/2026\/03\/IMG-20260312-WA0552-150x200.jpg 150w, https:\/\/tanz-bruecke.de\/ja\/wp-content\/uploads\/2026\/03\/IMG-20260312-WA0552-1152x1536.jpg 1152w, https:\/\/tanz-bruecke.de\/ja\/wp-content\/uploads\/2026\/03\/IMG-20260312-WA0552.jpg 1200w\" sizes=\"auto, (max-width: 768px) 100vw, 768px\" \/><\/figure>\n<\/figure>\n\n\n\n<p>\u201eEs hat richtig Spa\u00df gemacht, zu tanzen, zu springen und die Stadt zu entdecken!\u201c,- berichten die Kinder begeistert.<\/p>\n\n\n\n<p><em><strong>Wir danken dem Sammelfonds f\u00fcr Bu\u00dfgelder herzlich f\u00fcr die F\u00f6rderung, die diese unvergessliche Ferienerfahrung m\u00f6glich gemacht hat.<\/strong><\/em><\/p>\n\n\n\n<figure class=\"wp-block-gallery has-nested-images columns-default is-cropped wp-block-gallery-4 is-layout-flex wp-block-gallery-is-layout-flex\">\n<figure class=\"wp-block-image size-large\"><img loading=\"lazy\" decoding=\"async\" width=\"1024\" height=\"768\" data-id=\"14021\" src=\"https:\/\/tanz-bruecke.de\/ja\/wp-content\/uploads\/2026\/03\/IMG-20260313-WA0294-1024x768.jpg\" alt=\"\" class=\"wp-image-14021\" srcset=\"https:\/\/tanz-bruecke.de\/ja\/wp-content\/uploads\/2026\/03\/IMG-20260313-WA0294-1024x768.jpg 1024w, https:\/\/tanz-bruecke.de\/ja\/wp-content\/uploads\/2026\/03\/IMG-20260313-WA0294-300x225.jpg 300w, https:\/\/tanz-bruecke.de\/ja\/wp-content\/uploads\/2026\/03\/IMG-20260313-WA0294-768x576.jpg 768w, https:\/\/tanz-bruecke.de\/ja\/wp-content\/uploads\/2026\/03\/IMG-20260313-WA0294-1536x1152.jpg 1536w, https:\/\/tanz-bruecke.de\/ja\/wp-content\/uploads\/2026\/03\/IMG-20260313-WA0294.jpg 1600w\" sizes=\"auto, (max-width: 1024px) 100vw, 1024px\" \/><\/figure>\n\n\n\n<figure class=\"wp-block-image size-large\"><img loading=\"lazy\" decoding=\"async\" width=\"768\" height=\"1024\" data-id=\"14026\" src=\"https:\/\/tanz-bruecke.de\/ja\/wp-content\/uploads\/2026\/03\/IMG-20260313-WA0385-768x1024.jpg\" alt=\"\" class=\"wp-image-14026\" srcset=\"https:\/\/tanz-bruecke.de\/ja\/wp-content\/uploads\/2026\/03\/IMG-20260313-WA0385-768x1024.jpg 768w, https:\/\/tanz-bruecke.de\/ja\/wp-content\/uploads\/2026\/03\/IMG-20260313-WA0385-225x300.jpg 225w, https:\/\/tanz-bruecke.de\/ja\/wp-content\/uploads\/2026\/03\/IMG-20260313-WA0385-150x200.jpg 150w, https:\/\/tanz-bruecke.de\/ja\/wp-content\/uploads\/2026\/03\/IMG-20260313-WA0385-1152x1536.jpg 1152w, https:\/\/tanz-bruecke.de\/ja\/wp-content\/uploads\/2026\/03\/IMG-20260313-WA0385.jpg 1512w\" sizes=\"auto, (max-width: 768px) 100vw, 768px\" \/><\/figure>\n\n\n\n<figure class=\"wp-block-image size-large\"><img loading=\"lazy\" decoding=\"async\" width=\"768\" height=\"1024\" data-id=\"14028\" src=\"https:\/\/tanz-bruecke.de\/ja\/wp-content\/uploads\/2026\/03\/IMG-20260313-WA0234-768x1024.jpg\" alt=\"\" class=\"wp-image-14028\" srcset=\"https:\/\/tanz-bruecke.de\/ja\/wp-content\/uploads\/2026\/03\/IMG-20260313-WA0234-768x1024.jpg 768w, https:\/\/tanz-bruecke.de\/ja\/wp-content\/uploads\/2026\/03\/IMG-20260313-WA0234-225x300.jpg 225w, https:\/\/tanz-bruecke.de\/ja\/wp-content\/uploads\/2026\/03\/IMG-20260313-WA0234-150x200.jpg 150w, https:\/\/tanz-bruecke.de\/ja\/wp-content\/uploads\/2026\/03\/IMG-20260313-WA0234-1152x1536.jpg 1152w, https:\/\/tanz-bruecke.de\/ja\/wp-content\/uploads\/2026\/03\/IMG-20260313-WA0234.jpg 1512w\" sizes=\"auto, (max-width: 768px) 100vw, 768px\" \/><\/figure>\n\n\n\n<figure class=\"wp-block-image size-large\"><img loading=\"lazy\" decoding=\"async\" width=\"1024\" height=\"768\" data-id=\"14012\" src=\"https:\/\/tanz-bruecke.de\/ja\/wp-content\/uploads\/2026\/03\/IMG-20260312-WA0493-1024x768.jpg\" alt=\"\" class=\"wp-image-14012\" srcset=\"https:\/\/tanz-bruecke.de\/ja\/wp-content\/uploads\/2026\/03\/IMG-20260312-WA0493-1024x768.jpg 1024w, https:\/\/tanz-bruecke.de\/ja\/wp-content\/uploads\/2026\/03\/IMG-20260312-WA0493-300x225.jpg 300w, https:\/\/tanz-bruecke.de\/ja\/wp-content\/uploads\/2026\/03\/IMG-20260312-WA0493-768x576.jpg 768w, https:\/\/tanz-bruecke.de\/ja\/wp-content\/uploads\/2026\/03\/IMG-20260312-WA0493-1536x1152.jpg 1536w, https:\/\/tanz-bruecke.de\/ja\/wp-content\/uploads\/2026\/03\/IMG-20260312-WA0493.jpg 2048w\" sizes=\"auto, (max-width: 1024px) 100vw, 1024px\" \/><\/figure>\n\n\n\n<figure class=\"wp-block-image size-large\"><img loading=\"lazy\" decoding=\"async\" width=\"768\" height=\"1024\" data-id=\"14013\" src=\"https:\/\/tanz-bruecke.de\/ja\/wp-content\/uploads\/2026\/03\/IMG-20260312-WA0544-768x1024.jpg\" alt=\"\" class=\"wp-image-14013\" srcset=\"https:\/\/tanz-bruecke.de\/ja\/wp-content\/uploads\/2026\/03\/IMG-20260312-WA0544-768x1024.jpg 768w, https:\/\/tanz-bruecke.de\/ja\/wp-content\/uploads\/2026\/03\/IMG-20260312-WA0544-225x300.jpg 225w, https:\/\/tanz-bruecke.de\/ja\/wp-content\/uploads\/2026\/03\/IMG-20260312-WA0544-150x200.jpg 150w, https:\/\/tanz-bruecke.de\/ja\/wp-content\/uploads\/2026\/03\/IMG-20260312-WA0544-1152x1536.jpg 1152w, https:\/\/tanz-bruecke.de\/ja\/wp-content\/uploads\/2026\/03\/IMG-20260312-WA0544.jpg 1200w\" sizes=\"auto, (max-width: 768px) 100vw, 768px\" \/><\/figure>\n\n\n\n<figure class=\"wp-block-image size-large\"><img loading=\"lazy\" decoding=\"async\" width=\"768\" height=\"1024\" data-id=\"14015\" src=\"https:\/\/tanz-bruecke.de\/ja\/wp-content\/uploads\/2026\/03\/IMG-20260312-WA0550-768x1024.jpg\" alt=\"\" class=\"wp-image-14015\" srcset=\"https:\/\/tanz-bruecke.de\/ja\/wp-content\/uploads\/2026\/03\/IMG-20260312-WA0550-768x1024.jpg 768w, https:\/\/tanz-bruecke.de\/ja\/wp-content\/uploads\/2026\/03\/IMG-20260312-WA0550-225x300.jpg 225w, https:\/\/tanz-bruecke.de\/ja\/wp-content\/uploads\/2026\/03\/IMG-20260312-WA0550-150x200.jpg 150w, https:\/\/tanz-bruecke.de\/ja\/wp-content\/uploads\/2026\/03\/IMG-20260312-WA0550-1152x1536.jpg 1152w, https:\/\/tanz-bruecke.de\/ja\/wp-content\/uploads\/2026\/03\/IMG-20260312-WA0550.jpg 1200w\" sizes=\"auto, (max-width: 768px) 100vw, 768px\" \/><\/figure>\n\n\n\n<figure class=\"wp-block-image size-large\"><img loading=\"lazy\" decoding=\"async\" width=\"768\" height=\"1024\" data-id=\"14027\" src=\"https:\/\/tanz-bruecke.de\/ja\/wp-content\/uploads\/2026\/03\/IMG-20260313-WA0395-768x1024.jpg\" alt=\"\" class=\"wp-image-14027\" srcset=\"https:\/\/tanz-bruecke.de\/ja\/wp-content\/uploads\/2026\/03\/IMG-20260313-WA0395-768x1024.jpg 768w, https:\/\/tanz-bruecke.de\/ja\/wp-content\/uploads\/2026\/03\/IMG-20260313-WA0395-225x300.jpg 225w, https:\/\/tanz-bruecke.de\/ja\/wp-content\/uploads\/2026\/03\/IMG-20260313-WA0395-150x200.jpg 150w, https:\/\/tanz-bruecke.de\/ja\/wp-content\/uploads\/2026\/03\/IMG-20260313-WA0395-1152x1536.jpg 1152w, https:\/\/tanz-bruecke.de\/ja\/wp-content\/uploads\/2026\/03\/IMG-20260313-WA0395.jpg 1512w\" sizes=\"auto, (max-width: 768px) 100vw, 768px\" \/><\/figure>\n\n\n\n<figure class=\"wp-block-image size-large\"><img loading=\"lazy\" decoding=\"async\" width=\"1024\" height=\"761\" data-id=\"14009\" src=\"https:\/\/tanz-bruecke.de\/ja\/wp-content\/uploads\/2026\/03\/20260313_161926-1024x761.jpg\" alt=\"\" class=\"wp-image-14009\" srcset=\"https:\/\/tanz-bruecke.de\/ja\/wp-content\/uploads\/2026\/03\/20260313_161926-1024x761.jpg 1024w, https:\/\/tanz-bruecke.de\/ja\/wp-content\/uploads\/2026\/03\/20260313_161926-300x223.jpg 300w, https:\/\/tanz-bruecke.de\/ja\/wp-content\/uploads\/2026\/03\/20260313_161926-768x571.jpg 768w, https:\/\/tanz-bruecke.de\/ja\/wp-content\/uploads\/2026\/03\/20260313_161926.jpg 1439w\" sizes=\"auto, (max-width: 1024px) 100vw, 1024px\" \/><\/figure>\n<\/figure>\n\n\n\n<p><\/p>\n","protected":false},"excerpt":{"rendered":"<p>Dank der gro\u00dfz\u00fcgigen F\u00f6rderung des Sammelfonds f\u00fcr Bu\u00dfgelder konnten Kinder in den M\u00e4rzferien eine lebendige und abwechslungsreiche kultursportliche Woche im Verein Tanzbr\u00fccke Hamburg erleben. Die Ferienwoche war prall gef\u00fcllt mit Bewegung, Kreativit\u00e4t und Entdeckung. Die Kinder \u00fcbernachteten einmal gemeinsam und stellten dabei \u00fcberrascht fest, dass die Airtrack-Matten nicht nur zum Turnen und Springen ideal sind, [&hellip;]<\/p>\n","protected":false},"author":2,"featured_media":14015,"comment_status":"open","ping_status":"open","sticky":false,"template":"","format":"standard","meta":{"footnotes":""},"categories":[66,1],"tags":[111,113,109,112,89,110,99],"class_list":["post-14008","post","type-post","status-publish","format-standard","has-post-thumbnail","hentry","category-fotos","category-news","tag-bewegung","tag-freundschaft","tag-kultur","tag-projektwoche","tag-sport","tag-team","tag-teamgeist","entry"],"_links":{"self":[{"href":"https:\/\/tanz-bruecke.de\/ja\/wp-json\/wp\/v2\/posts\/14008","targetHints":{"allow":["GET"]}}],"collection":[{"href":"https:\/\/tanz-bruecke.de\/ja\/wp-json\/wp\/v2\/posts"}],"about":[{"href":"https:\/\/tanz-bruecke.de\/ja\/wp-json\/wp\/v2\/types\/post"}],"author":[{"embeddable":true,"href":"https:\/\/tanz-bruecke.de\/ja\/wp-json\/wp\/v2\/users\/2"}],"replies":[{"embeddable":true,"href":"https:\/\/tanz-bruecke.de\/ja\/wp-json\/wp\/v2\/comments?post=14008"}],"version-history":[{"count":4,"href":"https:\/\/tanz-bruecke.de\/ja\/wp-json\/wp\/v2\/posts\/14008\/revisions"}],"predecessor-version":[{"id":14035,"href":"https:\/\/tanz-bruecke.de\/ja\/wp-json\/wp\/v2\/posts\/14008\/revisions\/14035"}],"wp:featuredmedia":[{"embeddable":true,"href":"https:\/\/tanz-bruecke.de\/ja\/wp-json\/wp\/v2\/media\/14015"}],"wp:attachment":[{"href":"https:\/\/tanz-bruecke.de\/ja\/wp-json\/wp\/v2\/media?parent=14008"}],"wp:term":[{"taxonomy":"category","embeddable":true,"href":"https:\/\/tanz-bruecke.de\/ja\/wp-json\/wp\/v2\/categories?post=14008"},{"taxonomy":"post_tag","embeddable":true,"href":"https:\/\/tanz-bruecke.de\/ja\/wp-json\/wp\/v2\/tags?post=14008"}],"curies":[{"name":"wp","href":"https:\/\/api.w.org\/{rel}","templated":true}]}}