{"id":12998,"date":"2024-08-28T22:50:09","date_gmt":"2024-08-28T22:50:09","guid":{"rendered":"https:\/\/tanz-bruecke.de\/ja\/?p=12998"},"modified":"2024-08-28T23:15:56","modified_gmt":"2024-08-28T23:15:56","slug":"tanzbruecke-hamburg-e-v-feiert-vielfalt-und-demokratie-bei-hamburgs-laengster-tafel","status":"publish","type":"post","link":"https:\/\/tanz-bruecke.de\/ja\/tanzbruecke-hamburg-e-v-feiert-vielfalt-und-demokratie-bei-hamburgs-laengster-tafel\/","title":{"rendered":"TANZBR\u00dcCKE HAMBURG FEIERT VIELFALT UND DEMOKRATIE BEI HAMBURGS L\u00c4NGSTER TAFEL"},"content":{"rendered":"\n<p>Vom 6. bis 14. September 2024 finden die Hamburger Stiftungstage unter dem Motto &#8222;Vielfalt vereint&#8220; in ganz Hamburg statt. Dieses Motto spiegelt die Vision von Tanzbr\u00fccke Hamburg e. V. wieder, weshalb wir stolz darauf sind, Teil dieses besonderen Programms zu sein.<\/p>\n\n\n\n<p>Am Samstag, den 14. September, von 12 bis 20 Uhr, setzen die Hamburger Stiftungstage auf dem Rathausmarkt ein starkes Zeichen f\u00fcr Demokratie und Vielfalt mit Hamburgs l\u00e4ngster Tafel f\u00fcr Demokratie, Vielfalt und Zusammenhalt. Tanzbr\u00fccke Hamburg e. V. wird aktiv an dieser besonderen Veranstaltung teilnehmen und l\u00e4dt Sie herzlich ein, bei unseren Mitmachangeboten vorbeizuschauen:<\/p>\n\n\n\n<ul class=\"wp-block-list\">\n<li><strong>Tanzen f\u00fcr die Vielfalt \u2013 Kreative Bewegung als Ausdruck unserer Gemeinschaft<\/strong><\/li>\n\n\n\n<li><strong>Malen f\u00fcr die Zukunft \u2013 Bleibende Erinnerungen an die l\u00e4ngste Tafel f\u00fcr Demokratie, Vielfalt und Zusammenhalt<\/strong><\/li>\n<\/ul>\n\n\n\n<p>Neben uns werden viele weitere Stiftungen und zivilgesellschaftliche Akteure der Stadt vertreten sein, um die Besucher \u00fcber ihre Arbeit zu informieren, junge G\u00e4ste zum Basteln, Malen und Tanzen einzuladen, und mit vielf\u00e4ltigen Aktivit\u00e4ten wie Workshops, Spielen, kleinen Performances und kulturellen Beitr\u00e4gen zu begeistern. Zus\u00e4tzlich zur Tafel wird es eine B\u00fchne mit einem abwechslungsreichen Rahmenprogramm, Foodtrucks und einen Infostand geben.<\/p>\n\n\n\n<p><strong>Wir freuen uns darauf, Sie am 14.09.2024 auf dem Rathausmarkt zu treffen!<\/strong><\/p>\n\n\n\n<p><em>Erleben Sie die Vielfalt der Tanzbr\u00fccke Hamburg e. V.. im Musikpavillon Planten un Blomen<\/em><\/p>\n\n\n\n<p><strong>Sonntag, 15. September 2024, 15:00 \u2013 18:00 Uhr<\/strong><\/p>\n\n\n\n<p>Tanzbr\u00fccke Hamburg<\/p>\n\n\n\n<p>Das Ensemble \u201eTanzbr\u00fccke Hamburg\u201c &amp; Alexander Paperny nehmen Sie mit auf eine Reise in facettenreiche L\u00e4nder.<\/p>\n\n\n\n<figure class=\"wp-block-image size-full is-resized\"><img loading=\"lazy\" decoding=\"async\" width=\"672\" height=\"557\" src=\"https:\/\/tanz-bruecke.de\/ja\/wp-content\/uploads\/2024\/08\/LOGO-14.png\" alt=\"\" class=\"wp-image-12999\" style=\"width:414px;height:auto\" srcset=\"https:\/\/tanz-bruecke.de\/ja\/wp-content\/uploads\/2024\/08\/LOGO-14.png 672w, https:\/\/tanz-bruecke.de\/ja\/wp-content\/uploads\/2024\/08\/LOGO-14-300x249.png 300w\" sizes=\"auto, (max-width: 672px) 100vw, 672px\" \/><\/figure>\n","protected":false},"excerpt":{"rendered":"<p>Vom 6. bis 14. September 2024 finden die Hamburger Stiftungstage unter dem Motto &#8222;Vielfalt vereint&#8220; in ganz Hamburg statt. Dieses Motto spiegelt die Vision von Tanzbr\u00fccke Hamburg e. V. wieder, weshalb wir stolz darauf sind, Teil dieses besonderen Programms zu sein. Am Samstag, den 14. September, von 12 bis 20 Uhr, setzen die Hamburger Stiftungstage [&hellip;]<\/p>\n","protected":false},"author":2,"featured_media":0,"comment_status":"open","ping_status":"open","sticky":false,"template":"","format":"standard","meta":{"footnotes":""},"categories":[1],"tags":[],"class_list":["post-12998","post","type-post","status-publish","format-standard","hentry","category-news","entry"],"_links":{"self":[{"href":"https:\/\/tanz-bruecke.de\/ja\/wp-json\/wp\/v2\/posts\/12998","targetHints":{"allow":["GET"]}}],"collection":[{"href":"https:\/\/tanz-bruecke.de\/ja\/wp-json\/wp\/v2\/posts"}],"about":[{"href":"https:\/\/tanz-bruecke.de\/ja\/wp-json\/wp\/v2\/types\/post"}],"author":[{"embeddable":true,"href":"https:\/\/tanz-bruecke.de\/ja\/wp-json\/wp\/v2\/users\/2"}],"replies":[{"embeddable":true,"href":"https:\/\/tanz-bruecke.de\/ja\/wp-json\/wp\/v2\/comments?post=12998"}],"version-history":[{"count":6,"href":"https:\/\/tanz-bruecke.de\/ja\/wp-json\/wp\/v2\/posts\/12998\/revisions"}],"predecessor-version":[{"id":13011,"href":"https:\/\/tanz-bruecke.de\/ja\/wp-json\/wp\/v2\/posts\/12998\/revisions\/13011"}],"wp:attachment":[{"href":"https:\/\/tanz-bruecke.de\/ja\/wp-json\/wp\/v2\/media?parent=12998"}],"wp:term":[{"taxonomy":"category","embeddable":true,"href":"https:\/\/tanz-bruecke.de\/ja\/wp-json\/wp\/v2\/categories?post=12998"},{"taxonomy":"post_tag","embeddable":true,"href":"https:\/\/tanz-bruecke.de\/ja\/wp-json\/wp\/v2\/tags?post=12998"}],"curies":[{"name":"wp","href":"https:\/\/api.w.org\/{rel}","templated":true}]}}