{"id":1222,"date":"2012-09-23T17:40:40","date_gmt":"2012-09-23T17:40:40","guid":{"rendered":"http:\/\/tanz-bruecke.de\/ja\/?p=1222"},"modified":"2013-03-26T20:11:24","modified_gmt":"2013-03-26T20:11:24","slug":"sa-27-10-um-16-00-uhr-und-so-28-10-12-um-14-00-uhr-premiere-mein-kleiner-gruener-kaktus-goldbekhaus-moorfuhrtweg-9-22301-hamburg","status":"publish","type":"post","link":"https:\/\/tanz-bruecke.de\/ja\/sa-27-10-um-16-00-uhr-und-so-28-10-12-um-14-00-uhr-premiere-mein-kleiner-gruener-kaktus-goldbekhaus-moorfuhrtweg-9-22301-hamburg\/","title":{"rendered":"Sa 27.10 um 16.00 Uhr und So 28.10.12 um 14.00 Uhr Premiere &#8222;Mein kleiner gr\u00fcner Kaktus&#8220;, GoldbekHaus, Moorfuhrtweg 9, 22301 Hamburg"},"content":{"rendered":"<p><strong><a href=\"https:\/\/tanz-bruecke.de\/ja\/sa-27-10-um-16-00-uhr-und-so-28-10-12-um-14-00-uhr-premiere-mein-kleiner-gruener-kaktus-goldbekhaus-moorfuhrtweg-9-22301-hamburg\/kaktus-5\/\" rel=\"attachment wp-att-1224\"><img loading=\"lazy\" decoding=\"async\" class=\"alignnone size-medium wp-image-1224\" title=\"Kaktus\" alt=\"\" src=\"https:\/\/tanz-bruecke.de\/ja\/wp-content\/uploads\/2012\/09\/Kaktus4-300x251.jpg\" width=\"300\" height=\"251\" srcset=\"https:\/\/tanz-bruecke.de\/ja\/wp-content\/uploads\/2012\/09\/Kaktus4-300x251.jpg 300w, https:\/\/tanz-bruecke.de\/ja\/wp-content\/uploads\/2012\/09\/Kaktus4.jpg 797w\" sizes=\"auto, (max-width: 300px) 100vw, 300px\" \/><\/a><\/strong><\/p>\n<p><strong>Premiere &#8222;Mein klener gr\u00fcner Kaktus&#8220;<\/strong> f\u00fcr Menschen ab 6 Jahren<\/p>\n<p>Projektleitung: Natalia Dergatcheva \/ Schauspiel und Tanz: ca. 70 Mitwirkende<br \/>\nMit Ohrw\u00fcrmern wie \u201eMein kleiner gr\u00fcner Kaktus\u201c oder \u201eVeronika, der Lenz ist da\u201c wurden die \u201eComedian Harmonists\u201c in den 20er und 30er Jahren ber\u00fchmt. Diesen leicht abgestaubten Liedern wird durch die Bearbeitung und deren t\u00e4nzerisch-schauspielerische Darstellung neues Leben eingehaucht. Ca. 70 Mitwirkende, deren Wurzeln aus zw\u00f6lf verschiedenen L\u00e4ndern stammen, werden an diese f\u00fcr sie noch unbekannte Materie herangef\u00fchrt um damit dem Publikum ein Teil der deutschen Musikgeschichte n\u00e4her zu bringen.<\/p>\n<p>B\u00fchne zum Hof | AK + VVK 10,- \/ 8,- \/ 5,- (f\u00fcr Kids)<\/p>\n<p><a href=\"http:\/\/www.goldbekhaus.de\/veranstaltungen\/oktober\/534220a0ad0d6e315.html\">http:\/\/www.goldbekhaus.de\/veranstaltungen\/oktober\/534220a0ad0d6e315.html<\/a><\/p>\n<p>&nbsp;<\/p>\n<p>&nbsp;<\/p>\n<p>&nbsp;<\/p>\n","protected":false},"excerpt":{"rendered":"<p>Premiere &#8222;Mein klener gr\u00fcner Kaktus&#8220; f\u00fcr Menschen ab 6 Jahren Projektleitung: Natalia Dergatcheva \/ Schauspiel und Tanz: ca. 70 Mitwirkende Mit Ohrw\u00fcrmern wie \u201eMein kleiner gr\u00fcner Kaktus\u201c oder \u201eVeronika, der Lenz ist da\u201c wurden die \u201eComedian Harmonists\u201c in den 20er und 30er Jahren ber\u00fchmt. Diesen leicht abgestaubten Liedern wird durch die Bearbeitung und deren t\u00e4nzerisch-schauspielerische [&hellip;]<\/p>\n","protected":false},"author":2,"featured_media":0,"comment_status":"open","ping_status":"open","sticky":false,"template":"","format":"standard","meta":{"footnotes":""},"categories":[64],"tags":[],"class_list":["post-1222","post","type-post","status-publish","format-standard","hentry","category-auftritte","entry"],"_links":{"self":[{"href":"https:\/\/tanz-bruecke.de\/ja\/wp-json\/wp\/v2\/posts\/1222","targetHints":{"allow":["GET"]}}],"collection":[{"href":"https:\/\/tanz-bruecke.de\/ja\/wp-json\/wp\/v2\/posts"}],"about":[{"href":"https:\/\/tanz-bruecke.de\/ja\/wp-json\/wp\/v2\/types\/post"}],"author":[{"embeddable":true,"href":"https:\/\/tanz-bruecke.de\/ja\/wp-json\/wp\/v2\/users\/2"}],"replies":[{"embeddable":true,"href":"https:\/\/tanz-bruecke.de\/ja\/wp-json\/wp\/v2\/comments?post=1222"}],"version-history":[{"count":7,"href":"https:\/\/tanz-bruecke.de\/ja\/wp-json\/wp\/v2\/posts\/1222\/revisions"}],"predecessor-version":[{"id":2177,"href":"https:\/\/tanz-bruecke.de\/ja\/wp-json\/wp\/v2\/posts\/1222\/revisions\/2177"}],"wp:attachment":[{"href":"https:\/\/tanz-bruecke.de\/ja\/wp-json\/wp\/v2\/media?parent=1222"}],"wp:term":[{"taxonomy":"category","embeddable":true,"href":"https:\/\/tanz-bruecke.de\/ja\/wp-json\/wp\/v2\/categories?post=1222"},{"taxonomy":"post_tag","embeddable":true,"href":"https:\/\/tanz-bruecke.de\/ja\/wp-json\/wp\/v2\/tags?post=1222"}],"curies":[{"name":"wp","href":"https:\/\/api.w.org\/{rel}","templated":true}]}}